{"id":4289,"date":"2025-03-31T12:39:38","date_gmt":"2025-03-31T10:39:38","guid":{"rendered":"https:\/\/ineshock.de\/?p=4289"},"modified":"2025-09-17T20:40:35","modified_gmt":"2025-09-17T18:40:35","slug":"lichtecht-stadtmuseum-hattigen","status":"publish","type":"post","link":"https:\/\/ineshock.de\/en\/lichtecht-stadtmuseum-hattigen\/","title":{"rendered":"Lichtecht Stadtmuseum Hattigen"},"content":{"rendered":"<p>Zur Er\u00f6ffnung am Freitag, den 4. April um 19 Uhr<\/p>\n<p>laden wir Sie und Ihre Freunde herzlich ein. Einf\u00fchrende Worte:<\/p>\n<p>Dr. Alexander Gr\u00f6nert, Kunsthistoriker | Das Caf\u00e9 ist ab 18 Uhr ge\u00f6ffnet.&nbsp;<a href=\"https:\/\/ineshock.de\/wp-content\/uploads\/2025\/03\/EK_Ines_Hock_4.4.2024.pdf\" target=\"_blank\" rel=\"noopener\">Einladungskarte als PDF &nbsp; <\/a><\/p>\n<p><a href=\"https:\/\/ineshock.de\/wp-content\/uploads\/2025\/08\/Ines-Hock-Serie-Manoir-490-.pdf\" target=\"_blank\" rel=\"noopener\">2 EDITIONEN zur Ausstellung Lichtecht II<\/a><\/p>\n<p><img loading=\"lazy\" decoding=\"async\" class=\"alignnone  wp-image-4291\" src=\"https:\/\/ineshock.de\/wp-content\/uploads\/2025\/03\/Bildschirmfoto-2025-02-09-um-15.03.03.png\" alt=\"\" width=\"532\" height=\"301\" srcset=\"https:\/\/ineshock.de\/wp-content\/uploads\/2025\/03\/Bildschirmfoto-2025-02-09-um-15.03.03.png 636w, https:\/\/ineshock.de\/wp-content\/uploads\/2025\/03\/Bildschirmfoto-2025-02-09-um-15.03.03-300x170.png 300w\" sizes=\"auto, (max-width: 532px) 100vw, 532px\" \/>&nbsp;<\/p>\n","protected":false},"excerpt":{"rendered":"<p>Zur Er\u00f6ffnung am Freitag, den 4. April um 19 Uhr laden wir Sie und Ihre Freunde herzlich ein. Einf\u00fchrende Worte: [&#8230;]<\/p>\n","protected":false},"author":2,"featured_media":4292,"comment_status":"closed","ping_status":"closed","sticky":false,"template":"","format":"standard","meta":{"ngg_post_thumbnail":0,"footnotes":""},"categories":[14],"tags":[],"class_list":["post-4289","post","type-post","status-publish","format-standard","has-post-thumbnail","hentry","category-news"],"translation":{"provider":"WPGlobus","version":"3.0.2","language":"en","enabled_languages":["de","en"],"languages":{"de":{"title":true,"content":true,"excerpt":false},"en":{"title":false,"content":false,"excerpt":false}}},"_links":{"self":[{"href":"https:\/\/ineshock.de\/en\/wp-json\/wp\/v2\/posts\/4289","targetHints":{"allow":["GET"]}}],"collection":[{"href":"https:\/\/ineshock.de\/en\/wp-json\/wp\/v2\/posts"}],"about":[{"href":"https:\/\/ineshock.de\/en\/wp-json\/wp\/v2\/types\/post"}],"author":[{"embeddable":true,"href":"https:\/\/ineshock.de\/en\/wp-json\/wp\/v2\/users\/2"}],"replies":[{"embeddable":true,"href":"https:\/\/ineshock.de\/en\/wp-json\/wp\/v2\/comments?post=4289"}],"version-history":[{"count":8,"href":"https:\/\/ineshock.de\/en\/wp-json\/wp\/v2\/posts\/4289\/revisions"}],"predecessor-version":[{"id":4651,"href":"https:\/\/ineshock.de\/en\/wp-json\/wp\/v2\/posts\/4289\/revisions\/4651"}],"wp:featuredmedia":[{"embeddable":true,"href":"https:\/\/ineshock.de\/en\/wp-json\/wp\/v2\/media\/4292"}],"wp:attachment":[{"href":"https:\/\/ineshock.de\/en\/wp-json\/wp\/v2\/media?parent=4289"}],"wp:term":[{"taxonomy":"category","embeddable":true,"href":"https:\/\/ineshock.de\/en\/wp-json\/wp\/v2\/categories?post=4289"},{"taxonomy":"post_tag","embeddable":true,"href":"https:\/\/ineshock.de\/en\/wp-json\/wp\/v2\/tags?post=4289"}],"curies":[{"name":"wp","href":"https:\/\/api.w.org\/{rel}","templated":true}]}}