{"id":3892,"date":"2024-07-31T19:50:36","date_gmt":"2024-07-31T17:50:36","guid":{"rendered":"https:\/\/ineshock.de\/?p=3892"},"modified":"2024-12-14T14:15:50","modified_gmt":"2024-12-14T13:15:50","slug":"offene-ateliers-koeln-linksrheinisch","status":"publish","type":"post","link":"https:\/\/ineshock.de\/en\/offene-ateliers-koeln-linksrheinisch\/","title":{"rendered":"offene Ateliers K\u00f6ln &#8211; Event in Frechen"},"content":{"rendered":"<p><img loading=\"lazy\" decoding=\"async\" class=\"alignnone  wp-image-3903\" src=\"https:\/\/ineshock.de\/wp-content\/uploads\/2024\/07\/Bildschirmfoto-2024-07-31-um-16.51.16.png\" alt=\"\" width=\"766\" height=\"766\" srcset=\"https:\/\/ineshock.de\/wp-content\/uploads\/2024\/07\/Bildschirmfoto-2024-07-31-um-16.51.16.png 1206w, https:\/\/ineshock.de\/wp-content\/uploads\/2024\/07\/Bildschirmfoto-2024-07-31-um-16.51.16-300x300.png 300w, https:\/\/ineshock.de\/wp-content\/uploads\/2024\/07\/Bildschirmfoto-2024-07-31-um-16.51.16-1024x1024.png 1024w, https:\/\/ineshock.de\/wp-content\/uploads\/2024\/07\/Bildschirmfoto-2024-07-31-um-16.51.16-150x150.png 150w, https:\/\/ineshock.de\/wp-content\/uploads\/2024\/07\/Bildschirmfoto-2024-07-31-um-16.51.16-768x768.png 768w\" sizes=\"auto, (max-width: 766px) 100vw, 766px\" \/><\/p>\n<p><img loading=\"lazy\" decoding=\"async\" class=\"alignnone size-full wp-image-3927\" src=\"https:\/\/ineshock.de\/wp-content\/uploads\/2024\/07\/Bildschirmfoto-2024-08-14-um-18.21.51.png\" alt=\"\" width=\"1322\" height=\"532\" srcset=\"https:\/\/ineshock.de\/wp-content\/uploads\/2024\/07\/Bildschirmfoto-2024-08-14-um-18.21.51.png 1322w, https:\/\/ineshock.de\/wp-content\/uploads\/2024\/07\/Bildschirmfoto-2024-08-14-um-18.21.51-300x121.png 300w, https:\/\/ineshock.de\/wp-content\/uploads\/2024\/07\/Bildschirmfoto-2024-08-14-um-18.21.51-1024x412.png 1024w, https:\/\/ineshock.de\/wp-content\/uploads\/2024\/07\/Bildschirmfoto-2024-08-14-um-18.21.51-768x309.png 768w\" sizes=\"auto, (max-width: 1322px) 100vw, 1322px\" \/><\/p>\n<p>&nbsp;<\/p>\n<p><img loading=\"lazy\" decoding=\"async\" class=\"alignnone size-full wp-image-4182\" src=\"https:\/\/ineshock.de\/wp-content\/uploads\/2024\/07\/When-Im_web-IMG_3730.jpg\" alt=\"\" width=\"1600\" height=\"1200\" srcset=\"https:\/\/ineshock.de\/wp-content\/uploads\/2024\/07\/When-Im_web-IMG_3730.jpg 1600w, https:\/\/ineshock.de\/wp-content\/uploads\/2024\/07\/When-Im_web-IMG_3730-300x225.jpg 300w, https:\/\/ineshock.de\/wp-content\/uploads\/2024\/07\/When-Im_web-IMG_3730-1024x768.jpg 1024w, https:\/\/ineshock.de\/wp-content\/uploads\/2024\/07\/When-Im_web-IMG_3730-768x576.jpg 768w, https:\/\/ineshock.de\/wp-content\/uploads\/2024\/07\/When-Im_web-IMG_3730-1536x1152.jpg 1536w, https:\/\/ineshock.de\/wp-content\/uploads\/2024\/07\/When-Im_web-IMG_3730-960x720.jpg 960w\" sizes=\"auto, (max-width: 1600px) 100vw, 1600px\" \/><\/p>\n<p>Daniela Bosenius (Cello) &nbsp; &nbsp; &nbsp; &nbsp; &nbsp; &nbsp; &nbsp; &nbsp; &nbsp; Ruth Forschbach (Lyrik) &nbsp; &nbsp; &nbsp; &nbsp; &nbsp; &nbsp; &nbsp; Ines Hock (Atelieransicht, Malerei &#8211; Zeichnung &#8211; Druckgrafik)<\/p>\n<p>Der Beatles Song aus 1967 ist unser Impulsgeber:<\/p>\n<p>Das Programm zeichnet mit der geballten Intensit\u00e4t dreier K\u00fcnstlerinnen eine Zeitreise durch meine Biografie nach. Mit Lyrik, Musik und Bildender Kunst. Der Fokus liegt auf den Wendepunkten in meiner k\u00fcnstlerischen Entwicklung, die mit Zeichnungen und Leinwandbildern aus allen Dekaden anschaulich pr\u00e4sentiert wird. <strong>Ruth Forschbach<\/strong>, <a href=\"https:\/\/lyrisches-mittendrin.de\" target=\"_blank\" rel=\"noopener\">Lyrikerin<\/a> tr\u00e4gt in ihrem eigenen Rhythmus, mit pr\u00e4zise gew\u00e4hlten Worten, Kontrapunkte zu meinen &#8216;Wendepunkten&#8217; vor. <strong>Daniela Bosenius<\/strong>, <a href=\"https:\/\/bosenius.info\" target=\"_blank\" rel=\"noopener\">Musikerin<\/a> interpretiert mit Gesang und Cello, inhaltlich und emotional unseren dialogischen Vortrag. Pointiert f\u00fcgt sie passende klangliche Assoziationen aus ihrem umfassenden Repertoire ein.<\/p>\n<p><img loading=\"lazy\" decoding=\"async\" class=\"alignnone  wp-image-3902\" src=\"https:\/\/ineshock.de\/wp-content\/uploads\/2024\/07\/Logo-Kulturwochen.jpg\" alt=\"\" width=\"621\" height=\"117\" srcset=\"https:\/\/ineshock.de\/wp-content\/uploads\/2024\/07\/Logo-Kulturwochen.jpg 2324w, https:\/\/ineshock.de\/wp-content\/uploads\/2024\/07\/Logo-Kulturwochen-300x57.jpg 300w, https:\/\/ineshock.de\/wp-content\/uploads\/2024\/07\/Logo-Kulturwochen-1024x193.jpg 1024w, https:\/\/ineshock.de\/wp-content\/uploads\/2024\/07\/Logo-Kulturwochen-768x145.jpg 768w, https:\/\/ineshock.de\/wp-content\/uploads\/2024\/07\/Logo-Kulturwochen-1536x289.jpg 1536w, https:\/\/ineshock.de\/wp-content\/uploads\/2024\/07\/Logo-Kulturwochen-2048x386.jpg 2048w\" sizes=\"auto, (max-width: 621px) 100vw, 621px\" \/><\/p>\n","protected":false},"excerpt":{"rendered":"<p>&nbsp; Daniela Bosenius (Cello) &nbsp; &nbsp; &nbsp; &nbsp; &nbsp; &nbsp; &nbsp; &nbsp; &nbsp; Ruth Forschbach (Lyrik) &nbsp; &nbsp; &nbsp; &nbsp; [&#8230;]<\/p>\n","protected":false},"author":2,"featured_media":3938,"comment_status":"closed","ping_status":"closed","sticky":false,"template":"","format":"standard","meta":{"ngg_post_thumbnail":0,"footnotes":""},"categories":[14],"tags":[94,95],"class_list":["post-3892","post","type-post","status-publish","format-standard","has-post-thumbnail","hentry","category-news","tag-atelier","tag-event"],"translation":{"provider":"WPGlobus","version":"3.0.2","language":"en","enabled_languages":["de","en"],"languages":{"de":{"title":true,"content":true,"excerpt":false},"en":{"title":false,"content":false,"excerpt":false}}},"_links":{"self":[{"href":"https:\/\/ineshock.de\/en\/wp-json\/wp\/v2\/posts\/3892","targetHints":{"allow":["GET"]}}],"collection":[{"href":"https:\/\/ineshock.de\/en\/wp-json\/wp\/v2\/posts"}],"about":[{"href":"https:\/\/ineshock.de\/en\/wp-json\/wp\/v2\/types\/post"}],"author":[{"embeddable":true,"href":"https:\/\/ineshock.de\/en\/wp-json\/wp\/v2\/users\/2"}],"replies":[{"embeddable":true,"href":"https:\/\/ineshock.de\/en\/wp-json\/wp\/v2\/comments?post=3892"}],"version-history":[{"count":16,"href":"https:\/\/ineshock.de\/en\/wp-json\/wp\/v2\/posts\/3892\/revisions"}],"predecessor-version":[{"id":4186,"href":"https:\/\/ineshock.de\/en\/wp-json\/wp\/v2\/posts\/3892\/revisions\/4186"}],"wp:featuredmedia":[{"embeddable":true,"href":"https:\/\/ineshock.de\/en\/wp-json\/wp\/v2\/media\/3938"}],"wp:attachment":[{"href":"https:\/\/ineshock.de\/en\/wp-json\/wp\/v2\/media?parent=3892"}],"wp:term":[{"taxonomy":"category","embeddable":true,"href":"https:\/\/ineshock.de\/en\/wp-json\/wp\/v2\/categories?post=3892"},{"taxonomy":"post_tag","embeddable":true,"href":"https:\/\/ineshock.de\/en\/wp-json\/wp\/v2\/tags?post=3892"}],"curies":[{"name":"wp","href":"https:\/\/api.w.org\/{rel}","templated":true}]}}